{"id":875,"date":"2025-11-06T12:54:23","date_gmt":"2025-11-06T12:54:23","guid":{"rendered":"https:\/\/www.ambardcongo.it\/?p=875"},"modified":"2025-11-06T12:55:32","modified_gmt":"2025-11-06T12:55:32","slug":"fao-forum-mondial-de-l-alimentaion-edition-2025","status":"publish","type":"post","link":"https:\/\/www.ambardcongo.it\/?p=875","title":{"rendered":"FAO &#8211; FORUM MONDIAL DE L\u2019 ALIMENTAION -Edition 2025"},"content":{"rendered":"\n<p>L\u2019\u00e9dition 2025 du Forum mondial de l\u2019alimentation de l\u2019Organisation des Nations Unies pour l\u2019Alimentation et l\u2019Agriculture (FAO) a eu lieu \u00e0 Rome, du 13 au 17 octobre 2025, sous le th\u00e8me&nbsp;: \u00ab <strong><em>Main dans la main pour des aliments et un avenir meilleurs<\/em><\/strong>&nbsp;\u00bb.<\/p>\n\n\n\n<p>L\u2019ouverture de la c\u00e9r\u00e9monie s\u2019est faite par le discours liminaire du Dr <strong>Qu DONGYU<\/strong>, Directeur G\u00e9n\u00e9ral de la FAO. Ce Forum \u00e9tait ax\u00e9 sur trois piliers centraux, \u00e0 savoir&nbsp;: jeunesse, science et innovation, investissements, et s\u2019est tenu conjointement avec d\u2019autres manifestations, notamment&nbsp;: la 45<sup>\u00e8me<\/sup> journ\u00e9e mondiale de l\u2019alimentation (16 octobre 2025) qui \u00e9tait associ\u00e9e \u00e0 des c\u00e9l\u00e9brations en l\u2019honneur du 80<sup>\u00e8me<\/sup> anniversaire de la FAO, le Forum de l\u2019investissement de l\u2019initiative Main dans la Main, la premi\u00e8re exposition internationale \u00ab Des semences aux aliments \u00bb, l\u2019inauguration des nouveaux Mus\u00e9e et R\u00e9seau de l\u2019alimentation et l\u2019agriculture, ainsi que l\u2019organisation de l\u2019\u00e9dition 2025 du Dialogue de Rome sur l\u2019eau.<\/p>\n\n\n\n<p>Plusieurs autorit\u00e9s ont particip\u00e9 \u00e0 ces \u00e9v\u00e9nements, notamment S.E.M. <strong>Sergio MATTARELLA<\/strong>, Pr\u00e9sident de la R\u00e9publique italienne, Sa Saintet\u00e9 le <strong>Pape L\u00e9on XIV<\/strong>, &nbsp;S.E.M. <strong>Luiz In\u00e1cio LULA DA SILVA<\/strong>, Pr\u00e9sident de la R\u00e9publique F\u00e9d\u00e9rative du Br\u00e9sil, Sa Majest\u00e9 le <strong>Roi Letsie III<\/strong> du Lesotho, Sa Majest\u00e9 la <strong>Reine Letizia<\/strong> d\u02bcEspagne, La Princesse <strong>Basma Bint Ali<\/strong> de Jordanie, S.E.M. <strong>Yamand\u00fa Orsi Mart\u00ednez<\/strong>, Pr\u00e9sident de l&rsquo;Uruguay, M. <strong>Antonio<\/strong> <strong>GUTERRES<\/strong> (par vid\u00e9o), Secr\u00e9taire G\u00e9n\u00e9ral des Nations Unies, Mme <strong>Giorgia MELONI<\/strong>, Pr\u00e9sidente du Conseil italien, M. <strong>Ban Ki-moon<\/strong>, 8<sup>\u00e8me<\/sup> Secr\u00e9taire g\u00e9n\u00e9ral des Nations Unies, M. <strong>\u00c1lvaro LARIO<\/strong>, Pr\u00e9sident du Fonds international pour le d\u00e9veloppement agricole (FIDA), Mme <strong>Cindy McCain<\/strong>, Directrice ex\u00e9cutive du Programme alimentaire mondial (PAM), ainsi que d\u2019autres invit\u00e9s de marque.<\/p>\n\n\n\n<p>La d\u00e9l\u00e9gation congolaise \u00e9tait conduite par S.E.M. <strong>MUHINDO NZANGI BUTONDO<\/strong>, Ministre d\u2019Etat, Ministre de l\u2019Agriculture et S\u00e9curit\u00e9 alimentaire. Monsieur <strong>Idesbald CHINAMULA VUNINGOMA<\/strong>, Conseiller Principal \u00e0 la Primature, en charge du changement climatique, de l\u2019agriculture et d\u00e9veloppement durable, \u00e9tait \u00e9galement pr\u00e9sent.&nbsp; L\u2019objectif commun de toutes ces rencontres \u00e9tait d\u2019apporter des solutions pratiques et p\u00e9rennes pour rem\u00e9dier aux probl\u00e8mes pressants actuels et de contribuer \u00e0 cr\u00e9er un monde o\u00f9 r\u00e8gne la s\u00e9curit\u00e9 alimentaire pour tous, aujourd\u2019hui et dans les ann\u00e9es \u00e0 venir.<\/p>\n\n\n\n<figure class=\"wp-block-image size-full\"><img loading=\"lazy\" decoding=\"async\" width=\"721\" height=\"529\" src=\"https:\/\/www.ambardcongo.it\/wp-content\/uploads\/2025\/11\/image.png\" alt=\"\" class=\"wp-image-876\" srcset=\"https:\/\/www.ambardcongo.it\/wp-content\/uploads\/2025\/11\/image.png 721w, https:\/\/www.ambardcongo.it\/wp-content\/uploads\/2025\/11\/image-300x220.png 300w\" sizes=\"auto, (max-width: 721px) 100vw, 721px\" \/><\/figure>\n\n\n\n<figure class=\"wp-block-gallery has-nested-images columns-default is-cropped wp-block-gallery-1 is-layout-flex wp-block-gallery-is-layout-flex\">\n<figure class=\"wp-block-image size-large\"><img loading=\"lazy\" decoding=\"async\" width=\"1024\" height=\"768\" data-id=\"879\" src=\"https:\/\/www.ambardcongo.it\/wp-content\/uploads\/2025\/11\/WhatsApp-Image-2025-11-05-at-13.53.49-1024x768.jpeg\" alt=\"\" class=\"wp-image-879\" srcset=\"https:\/\/www.ambardcongo.it\/wp-content\/uploads\/2025\/11\/WhatsApp-Image-2025-11-05-at-13.53.49-1024x768.jpeg 1024w, https:\/\/www.ambardcongo.it\/wp-content\/uploads\/2025\/11\/WhatsApp-Image-2025-11-05-at-13.53.49-300x225.jpeg 300w, https:\/\/www.ambardcongo.it\/wp-content\/uploads\/2025\/11\/WhatsApp-Image-2025-11-05-at-13.53.49-768x576.jpeg 768w, https:\/\/www.ambardcongo.it\/wp-content\/uploads\/2025\/11\/WhatsApp-Image-2025-11-05-at-13.53.49-1536x1152.jpeg 1536w, https:\/\/www.ambardcongo.it\/wp-content\/uploads\/2025\/11\/WhatsApp-Image-2025-11-05-at-13.53.49.jpeg 1600w\" sizes=\"auto, (max-width: 1024px) 100vw, 1024px\" \/><\/figure>\n\n\n\n<figure class=\"wp-block-image size-large\"><img loading=\"lazy\" decoding=\"async\" width=\"1024\" height=\"676\" data-id=\"880\" src=\"https:\/\/www.ambardcongo.it\/wp-content\/uploads\/2025\/11\/WhatsApp-Image-2025-11-05-at-14.07.36-1-1024x676.jpeg\" alt=\"\" class=\"wp-image-880\" srcset=\"https:\/\/www.ambardcongo.it\/wp-content\/uploads\/2025\/11\/WhatsApp-Image-2025-11-05-at-14.07.36-1-1024x676.jpeg 1024w, https:\/\/www.ambardcongo.it\/wp-content\/uploads\/2025\/11\/WhatsApp-Image-2025-11-05-at-14.07.36-1-300x198.jpeg 300w, https:\/\/www.ambardcongo.it\/wp-content\/uploads\/2025\/11\/WhatsApp-Image-2025-11-05-at-14.07.36-1-768x507.jpeg 768w, https:\/\/www.ambardcongo.it\/wp-content\/uploads\/2025\/11\/WhatsApp-Image-2025-11-05-at-14.07.36-1.jpeg 1290w\" sizes=\"auto, (max-width: 1024px) 100vw, 1024px\" \/><\/figure>\n\n\n\n<figure class=\"wp-block-image size-large\"><img loading=\"lazy\" decoding=\"async\" width=\"1024\" height=\"672\" data-id=\"883\" src=\"https:\/\/www.ambardcongo.it\/wp-content\/uploads\/2025\/11\/WhatsApp-Image-2025-11-05-at-14.07.36-2-1024x672.jpeg\" alt=\"\" class=\"wp-image-883\" srcset=\"https:\/\/www.ambardcongo.it\/wp-content\/uploads\/2025\/11\/WhatsApp-Image-2025-11-05-at-14.07.36-2-1024x672.jpeg 1024w, https:\/\/www.ambardcongo.it\/wp-content\/uploads\/2025\/11\/WhatsApp-Image-2025-11-05-at-14.07.36-2-300x197.jpeg 300w, https:\/\/www.ambardcongo.it\/wp-content\/uploads\/2025\/11\/WhatsApp-Image-2025-11-05-at-14.07.36-2-768x504.jpeg 768w, https:\/\/www.ambardcongo.it\/wp-content\/uploads\/2025\/11\/WhatsApp-Image-2025-11-05-at-14.07.36-2.jpeg 1290w\" sizes=\"auto, (max-width: 1024px) 100vw, 1024px\" \/><\/figure>\n\n\n\n<figure class=\"wp-block-image size-large\"><img loading=\"lazy\" decoding=\"async\" width=\"1024\" height=\"680\" data-id=\"882\" src=\"https:\/\/www.ambardcongo.it\/wp-content\/uploads\/2025\/11\/WhatsApp-Image-2025-11-05-at-14.07.36-3-1024x680.jpeg\" alt=\"\" class=\"wp-image-882\" srcset=\"https:\/\/www.ambardcongo.it\/wp-content\/uploads\/2025\/11\/WhatsApp-Image-2025-11-05-at-14.07.36-3-1024x680.jpeg 1024w, https:\/\/www.ambardcongo.it\/wp-content\/uploads\/2025\/11\/WhatsApp-Image-2025-11-05-at-14.07.36-3-300x199.jpeg 300w, https:\/\/www.ambardcongo.it\/wp-content\/uploads\/2025\/11\/WhatsApp-Image-2025-11-05-at-14.07.36-3-768x510.jpeg 768w, https:\/\/www.ambardcongo.it\/wp-content\/uploads\/2025\/11\/WhatsApp-Image-2025-11-05-at-14.07.36-3.jpeg 1290w\" sizes=\"auto, (max-width: 1024px) 100vw, 1024px\" \/><\/figure>\n\n\n\n<figure class=\"wp-block-image size-large\"><img loading=\"lazy\" decoding=\"async\" width=\"1024\" height=\"668\" data-id=\"878\" src=\"https:\/\/www.ambardcongo.it\/wp-content\/uploads\/2025\/11\/WhatsApp-Image-2025-11-05-at-14.07.36-4-1024x668.jpeg\" alt=\"\" class=\"wp-image-878\" srcset=\"https:\/\/www.ambardcongo.it\/wp-content\/uploads\/2025\/11\/WhatsApp-Image-2025-11-05-at-14.07.36-4-1024x668.jpeg 1024w, https:\/\/www.ambardcongo.it\/wp-content\/uploads\/2025\/11\/WhatsApp-Image-2025-11-05-at-14.07.36-4-300x196.jpeg 300w, https:\/\/www.ambardcongo.it\/wp-content\/uploads\/2025\/11\/WhatsApp-Image-2025-11-05-at-14.07.36-4-768x501.jpeg 768w, https:\/\/www.ambardcongo.it\/wp-content\/uploads\/2025\/11\/WhatsApp-Image-2025-11-05-at-14.07.36-4.jpeg 1290w\" sizes=\"auto, (max-width: 1024px) 100vw, 1024px\" \/><\/figure>\n\n\n\n<figure class=\"wp-block-image size-large\"><img loading=\"lazy\" decoding=\"async\" width=\"902\" height=\"1024\" data-id=\"881\" src=\"https:\/\/www.ambardcongo.it\/wp-content\/uploads\/2025\/11\/WhatsApp-Image-2025-11-05-at-14.07.36-5-902x1024.jpeg\" alt=\"\" class=\"wp-image-881\" srcset=\"https:\/\/www.ambardcongo.it\/wp-content\/uploads\/2025\/11\/WhatsApp-Image-2025-11-05-at-14.07.36-5-902x1024.jpeg 902w, https:\/\/www.ambardcongo.it\/wp-content\/uploads\/2025\/11\/WhatsApp-Image-2025-11-05-at-14.07.36-5-264x300.jpeg 264w, https:\/\/www.ambardcongo.it\/wp-content\/uploads\/2025\/11\/WhatsApp-Image-2025-11-05-at-14.07.36-5-768x872.jpeg 768w, https:\/\/www.ambardcongo.it\/wp-content\/uploads\/2025\/11\/WhatsApp-Image-2025-11-05-at-14.07.36-5.jpeg 1290w\" sizes=\"auto, (max-width: 902px) 100vw, 902px\" \/><\/figure>\n\n\n\n<figure class=\"wp-block-image size-large\"><img loading=\"lazy\" decoding=\"async\" width=\"1024\" height=\"566\" data-id=\"884\" src=\"https:\/\/www.ambardcongo.it\/wp-content\/uploads\/2025\/11\/WhatsApp-Image-2025-11-05-at-14.07.36-1024x566.jpeg\" alt=\"\" class=\"wp-image-884\" srcset=\"https:\/\/www.ambardcongo.it\/wp-content\/uploads\/2025\/11\/WhatsApp-Image-2025-11-05-at-14.07.36-1024x566.jpeg 1024w, https:\/\/www.ambardcongo.it\/wp-content\/uploads\/2025\/11\/WhatsApp-Image-2025-11-05-at-14.07.36-300x166.jpeg 300w, https:\/\/www.ambardcongo.it\/wp-content\/uploads\/2025\/11\/WhatsApp-Image-2025-11-05-at-14.07.36-768x424.jpeg 768w, https:\/\/www.ambardcongo.it\/wp-content\/uploads\/2025\/11\/WhatsApp-Image-2025-11-05-at-14.07.36.jpeg 1269w\" sizes=\"auto, (max-width: 1024px) 100vw, 1024px\" \/><\/figure>\n\n\n\n<figure class=\"wp-block-image size-large\"><img loading=\"lazy\" decoding=\"async\" width=\"1024\" height=\"687\" data-id=\"885\" src=\"https:\/\/www.ambardcongo.it\/wp-content\/uploads\/2025\/11\/WhatsApp-Image-2025-11-05-at-14.13.49-1024x687.jpeg\" alt=\"\" class=\"wp-image-885\" srcset=\"https:\/\/www.ambardcongo.it\/wp-content\/uploads\/2025\/11\/WhatsApp-Image-2025-11-05-at-14.13.49-1024x687.jpeg 1024w, https:\/\/www.ambardcongo.it\/wp-content\/uploads\/2025\/11\/WhatsApp-Image-2025-11-05-at-14.13.49-300x201.jpeg 300w, https:\/\/www.ambardcongo.it\/wp-content\/uploads\/2025\/11\/WhatsApp-Image-2025-11-05-at-14.13.49-768x515.jpeg 768w, https:\/\/www.ambardcongo.it\/wp-content\/uploads\/2025\/11\/WhatsApp-Image-2025-11-05-at-14.13.49.jpeg 1290w\" sizes=\"auto, (max-width: 1024px) 100vw, 1024px\" \/><\/figure>\n<\/figure>\n\n\n\n<figure class=\"wp-block-video\"><video height=\"480\" style=\"aspect-ratio: 848 \/ 480;\" width=\"848\" controls src=\"https:\/\/www.ambardcongo.it\/wp-content\/uploads\/2025\/11\/WhatsApp-Video-2025-11-05-at-13.51.20.mp4\"><\/video><\/figure>\n","protected":false},"excerpt":{"rendered":"<p>L\u2019\u00e9dition 2025 du Forum mondial de l\u2019alimentation de l\u2019Organisation des Nations Unies pour l\u2019Alimentation et l\u2019Agriculture (FAO) a eu lieu \u00e0 Rome, du 13 au 17 octobre 2025, sous le &#8230;<\/p>\n","protected":false},"author":1,"featured_media":880,"comment_status":"closed","ping_status":"closed","sticky":false,"template":"","format":"standard","meta":{"footnotes":""},"categories":[8],"tags":[],"class_list":["post-875","post","type-post","status-publish","format-standard","has-post-thumbnail","hentry","category-articles-ambassades"],"yoast_head":"<!-- This site is optimized with the Yoast SEO plugin v27.5 - https:\/\/yoast.com\/product\/yoast-seo-wordpress\/ -->\n<title>FAO - FORUM MONDIAL DE L\u2019 ALIMENTAION -Edition 2025 - Ambassade de la RDC-Italie<\/title>\n<meta name=\"robots\" content=\"index, follow, max-snippet:-1, max-image-preview:large, max-video-preview:-1\" \/>\n<link rel=\"canonical\" href=\"https:\/\/www.ambardcongo.it\/?p=875\" \/>\n<meta property=\"og:locale\" content=\"fr_FR\" \/>\n<meta property=\"og:type\" content=\"article\" \/>\n<meta property=\"og:title\" content=\"FAO - FORUM MONDIAL DE L\u2019 ALIMENTAION -Edition 2025 - Ambassade de la RDC-Italie\" \/>\n<meta property=\"og:description\" content=\"L\u2019\u00e9dition 2025 du Forum mondial de l\u2019alimentation de l\u2019Organisation des Nations Unies pour l\u2019Alimentation et l\u2019Agriculture (FAO) a eu lieu \u00e0 Rome, du 13 au 17 octobre 2025, sous le ...\" \/>\n<meta property=\"og:url\" content=\"https:\/\/www.ambardcongo.it\/?p=875\" \/>\n<meta property=\"og:site_name\" content=\"Ambassade de la RDC-Italie\" \/>\n<meta property=\"article:published_time\" content=\"2025-11-06T12:54:23+00:00\" \/>\n<meta property=\"article:modified_time\" content=\"2025-11-06T12:55:32+00:00\" \/>\n<meta property=\"og:image\" content=\"https:\/\/www.ambardcongo.it\/wp-content\/uploads\/2025\/11\/WhatsApp-Image-2025-11-05-at-14.07.36-1.jpeg\" \/>\n\t<meta property=\"og:image:width\" content=\"1290\" \/>\n\t<meta property=\"og:image:height\" content=\"851\" \/>\n\t<meta property=\"og:image:type\" content=\"image\/jpeg\" \/>\n<meta name=\"author\" content=\"admin\" \/>\n<meta name=\"twitter:card\" content=\"summary_large_image\" \/>\n<meta name=\"twitter:label1\" content=\"\u00c9crit par\" \/>\n\t<meta name=\"twitter:data1\" content=\"admin\" \/>\n\t<meta name=\"twitter:label2\" content=\"Dur\u00e9e de lecture estim\u00e9e\" \/>\n\t<meta name=\"twitter:data2\" content=\"4 minutes\" \/>\n<script type=\"application\/ld+json\" class=\"yoast-schema-graph\">{\"@context\":\"https:\\\/\\\/schema.org\",\"@graph\":[{\"@type\":\"Article\",\"@id\":\"https:\\\/\\\/www.ambardcongo.it\\\/?p=875#article\",\"isPartOf\":{\"@id\":\"https:\\\/\\\/www.ambardcongo.it\\\/?p=875\"},\"author\":{\"name\":\"admin\",\"@id\":\"https:\\\/\\\/www.ambardcongo.it\\\/#\\\/schema\\\/person\\\/bb7b18846dc689d792b039a943fcfefa\"},\"headline\":\"FAO &#8211; FORUM MONDIAL DE L\u2019 ALIMENTAION -Edition 2025\",\"datePublished\":\"2025-11-06T12:54:23+00:00\",\"dateModified\":\"2025-11-06T12:55:32+00:00\",\"mainEntityOfPage\":{\"@id\":\"https:\\\/\\\/www.ambardcongo.it\\\/?p=875\"},\"wordCount\":429,\"publisher\":{\"@id\":\"https:\\\/\\\/www.ambardcongo.it\\\/#organization\"},\"image\":{\"@id\":\"https:\\\/\\\/www.ambardcongo.it\\\/?p=875#primaryimage\"},\"thumbnailUrl\":\"https:\\\/\\\/www.ambardcongo.it\\\/wp-content\\\/uploads\\\/2025\\\/11\\\/WhatsApp-Image-2025-11-05-at-14.07.36-1.jpeg\",\"articleSection\":[\"articles ambassades\"],\"inLanguage\":\"fr-FR\"},{\"@type\":\"WebPage\",\"@id\":\"https:\\\/\\\/www.ambardcongo.it\\\/?p=875\",\"url\":\"https:\\\/\\\/www.ambardcongo.it\\\/?p=875\",\"name\":\"FAO - FORUM MONDIAL DE L\u2019 ALIMENTAION -Edition 2025 - Ambassade de la RDC-Italie\",\"isPartOf\":{\"@id\":\"https:\\\/\\\/www.ambardcongo.it\\\/#website\"},\"primaryImageOfPage\":{\"@id\":\"https:\\\/\\\/www.ambardcongo.it\\\/?p=875#primaryimage\"},\"image\":{\"@id\":\"https:\\\/\\\/www.ambardcongo.it\\\/?p=875#primaryimage\"},\"thumbnailUrl\":\"https:\\\/\\\/www.ambardcongo.it\\\/wp-content\\\/uploads\\\/2025\\\/11\\\/WhatsApp-Image-2025-11-05-at-14.07.36-1.jpeg\",\"datePublished\":\"2025-11-06T12:54:23+00:00\",\"dateModified\":\"2025-11-06T12:55:32+00:00\",\"breadcrumb\":{\"@id\":\"https:\\\/\\\/www.ambardcongo.it\\\/?p=875#breadcrumb\"},\"inLanguage\":\"fr-FR\",\"potentialAction\":[{\"@type\":\"ReadAction\",\"target\":[\"https:\\\/\\\/www.ambardcongo.it\\\/?p=875\"]}]},{\"@type\":\"ImageObject\",\"inLanguage\":\"fr-FR\",\"@id\":\"https:\\\/\\\/www.ambardcongo.it\\\/?p=875#primaryimage\",\"url\":\"https:\\\/\\\/www.ambardcongo.it\\\/wp-content\\\/uploads\\\/2025\\\/11\\\/WhatsApp-Image-2025-11-05-at-14.07.36-1.jpeg\",\"contentUrl\":\"https:\\\/\\\/www.ambardcongo.it\\\/wp-content\\\/uploads\\\/2025\\\/11\\\/WhatsApp-Image-2025-11-05-at-14.07.36-1.jpeg\",\"width\":1290,\"height\":851},{\"@type\":\"BreadcrumbList\",\"@id\":\"https:\\\/\\\/www.ambardcongo.it\\\/?p=875#breadcrumb\",\"itemListElement\":[{\"@type\":\"ListItem\",\"position\":1,\"name\":\"Accueil\",\"item\":\"https:\\\/\\\/www.ambardcongo.it\\\/\"},{\"@type\":\"ListItem\",\"position\":2,\"name\":\"FAO &#8211; FORUM MONDIAL DE L\u2019 ALIMENTAION -Edition 2025\"}]},{\"@type\":\"WebSite\",\"@id\":\"https:\\\/\\\/www.ambardcongo.it\\\/#website\",\"url\":\"https:\\\/\\\/www.ambardcongo.it\\\/\",\"name\":\"Site Officiel de L'Ambassade de la RDC \u00e0 Rome\",\"description\":\"Site officiel de l&#039;Ambassade\",\"publisher\":{\"@id\":\"https:\\\/\\\/www.ambardcongo.it\\\/#organization\"},\"potentialAction\":[{\"@type\":\"SearchAction\",\"target\":{\"@type\":\"EntryPoint\",\"urlTemplate\":\"https:\\\/\\\/www.ambardcongo.it\\\/?s={search_term_string}\"},\"query-input\":{\"@type\":\"PropertyValueSpecification\",\"valueRequired\":true,\"valueName\":\"search_term_string\"}}],\"inLanguage\":\"fr-FR\"},{\"@type\":\"Organization\",\"@id\":\"https:\\\/\\\/www.ambardcongo.it\\\/#organization\",\"name\":\"Site Officiel de L'Ambassade de la RDC \u00e0 Rome\",\"url\":\"https:\\\/\\\/www.ambardcongo.it\\\/\",\"logo\":{\"@type\":\"ImageObject\",\"inLanguage\":\"fr-FR\",\"@id\":\"https:\\\/\\\/www.ambardcongo.it\\\/#\\\/schema\\\/logo\\\/image\\\/\",\"url\":\"https:\\\/\\\/www.ambardcongo.it\\\/wp-content\\\/uploads\\\/2023\\\/01\\\/cropped-LOGO_AMBA_MD-e1672919818323.png\",\"contentUrl\":\"https:\\\/\\\/www.ambardcongo.it\\\/wp-content\\\/uploads\\\/2023\\\/01\\\/cropped-LOGO_AMBA_MD-e1672919818323.png\",\"width\":248,\"height\":117,\"caption\":\"Site Officiel de L'Ambassade de la RDC \u00e0 Rome\"},\"image\":{\"@id\":\"https:\\\/\\\/www.ambardcongo.it\\\/#\\\/schema\\\/logo\\\/image\\\/\"}},{\"@type\":\"Person\",\"@id\":\"https:\\\/\\\/www.ambardcongo.it\\\/#\\\/schema\\\/person\\\/bb7b18846dc689d792b039a943fcfefa\",\"name\":\"admin\",\"image\":{\"@type\":\"ImageObject\",\"inLanguage\":\"fr-FR\",\"@id\":\"https:\\\/\\\/secure.gravatar.com\\\/avatar\\\/5ee2db47dc25d718870d2778165e7410dd61326f5170d343b82514da5cf97dd1?s=96&d=mm&r=g\",\"url\":\"https:\\\/\\\/secure.gravatar.com\\\/avatar\\\/5ee2db47dc25d718870d2778165e7410dd61326f5170d343b82514da5cf97dd1?s=96&d=mm&r=g\",\"contentUrl\":\"https:\\\/\\\/secure.gravatar.com\\\/avatar\\\/5ee2db47dc25d718870d2778165e7410dd61326f5170d343b82514da5cf97dd1?s=96&d=mm&r=g\",\"caption\":\"admin\"},\"sameAs\":[\"https:\\\/\\\/www.ambardcongo.it\"],\"url\":\"https:\\\/\\\/www.ambardcongo.it\\\/?author=1\"}]}<\/script>\n<!-- \/ Yoast SEO plugin. -->","yoast_head_json":{"title":"FAO - FORUM MONDIAL DE L\u2019 ALIMENTAION -Edition 2025 - Ambassade de la RDC-Italie","robots":{"index":"index","follow":"follow","max-snippet":"max-snippet:-1","max-image-preview":"max-image-preview:large","max-video-preview":"max-video-preview:-1"},"canonical":"https:\/\/www.ambardcongo.it\/?p=875","og_locale":"fr_FR","og_type":"article","og_title":"FAO - FORUM MONDIAL DE L\u2019 ALIMENTAION -Edition 2025 - Ambassade de la RDC-Italie","og_description":"L\u2019\u00e9dition 2025 du Forum mondial de l\u2019alimentation de l\u2019Organisation des Nations Unies pour l\u2019Alimentation et l\u2019Agriculture (FAO) a eu lieu \u00e0 Rome, du 13 au 17 octobre 2025, sous le ...","og_url":"https:\/\/www.ambardcongo.it\/?p=875","og_site_name":"Ambassade de la RDC-Italie","article_published_time":"2025-11-06T12:54:23+00:00","article_modified_time":"2025-11-06T12:55:32+00:00","og_image":[{"width":1290,"height":851,"url":"https:\/\/www.ambardcongo.it\/wp-content\/uploads\/2025\/11\/WhatsApp-Image-2025-11-05-at-14.07.36-1.jpeg","type":"image\/jpeg"}],"author":"admin","twitter_card":"summary_large_image","twitter_misc":{"\u00c9crit par":"admin","Dur\u00e9e de lecture estim\u00e9e":"4 minutes"},"schema":{"@context":"https:\/\/schema.org","@graph":[{"@type":"Article","@id":"https:\/\/www.ambardcongo.it\/?p=875#article","isPartOf":{"@id":"https:\/\/www.ambardcongo.it\/?p=875"},"author":{"name":"admin","@id":"https:\/\/www.ambardcongo.it\/#\/schema\/person\/bb7b18846dc689d792b039a943fcfefa"},"headline":"FAO &#8211; FORUM MONDIAL DE L\u2019 ALIMENTAION -Edition 2025","datePublished":"2025-11-06T12:54:23+00:00","dateModified":"2025-11-06T12:55:32+00:00","mainEntityOfPage":{"@id":"https:\/\/www.ambardcongo.it\/?p=875"},"wordCount":429,"publisher":{"@id":"https:\/\/www.ambardcongo.it\/#organization"},"image":{"@id":"https:\/\/www.ambardcongo.it\/?p=875#primaryimage"},"thumbnailUrl":"https:\/\/www.ambardcongo.it\/wp-content\/uploads\/2025\/11\/WhatsApp-Image-2025-11-05-at-14.07.36-1.jpeg","articleSection":["articles ambassades"],"inLanguage":"fr-FR"},{"@type":"WebPage","@id":"https:\/\/www.ambardcongo.it\/?p=875","url":"https:\/\/www.ambardcongo.it\/?p=875","name":"FAO - FORUM MONDIAL DE L\u2019 ALIMENTAION -Edition 2025 - Ambassade de la RDC-Italie","isPartOf":{"@id":"https:\/\/www.ambardcongo.it\/#website"},"primaryImageOfPage":{"@id":"https:\/\/www.ambardcongo.it\/?p=875#primaryimage"},"image":{"@id":"https:\/\/www.ambardcongo.it\/?p=875#primaryimage"},"thumbnailUrl":"https:\/\/www.ambardcongo.it\/wp-content\/uploads\/2025\/11\/WhatsApp-Image-2025-11-05-at-14.07.36-1.jpeg","datePublished":"2025-11-06T12:54:23+00:00","dateModified":"2025-11-06T12:55:32+00:00","breadcrumb":{"@id":"https:\/\/www.ambardcongo.it\/?p=875#breadcrumb"},"inLanguage":"fr-FR","potentialAction":[{"@type":"ReadAction","target":["https:\/\/www.ambardcongo.it\/?p=875"]}]},{"@type":"ImageObject","inLanguage":"fr-FR","@id":"https:\/\/www.ambardcongo.it\/?p=875#primaryimage","url":"https:\/\/www.ambardcongo.it\/wp-content\/uploads\/2025\/11\/WhatsApp-Image-2025-11-05-at-14.07.36-1.jpeg","contentUrl":"https:\/\/www.ambardcongo.it\/wp-content\/uploads\/2025\/11\/WhatsApp-Image-2025-11-05-at-14.07.36-1.jpeg","width":1290,"height":851},{"@type":"BreadcrumbList","@id":"https:\/\/www.ambardcongo.it\/?p=875#breadcrumb","itemListElement":[{"@type":"ListItem","position":1,"name":"Accueil","item":"https:\/\/www.ambardcongo.it\/"},{"@type":"ListItem","position":2,"name":"FAO &#8211; FORUM MONDIAL DE L\u2019 ALIMENTAION -Edition 2025"}]},{"@type":"WebSite","@id":"https:\/\/www.ambardcongo.it\/#website","url":"https:\/\/www.ambardcongo.it\/","name":"Site Officiel de L'Ambassade de la RDC \u00e0 Rome","description":"Site officiel de l&#039;Ambassade","publisher":{"@id":"https:\/\/www.ambardcongo.it\/#organization"},"potentialAction":[{"@type":"SearchAction","target":{"@type":"EntryPoint","urlTemplate":"https:\/\/www.ambardcongo.it\/?s={search_term_string}"},"query-input":{"@type":"PropertyValueSpecification","valueRequired":true,"valueName":"search_term_string"}}],"inLanguage":"fr-FR"},{"@type":"Organization","@id":"https:\/\/www.ambardcongo.it\/#organization","name":"Site Officiel de L'Ambassade de la RDC \u00e0 Rome","url":"https:\/\/www.ambardcongo.it\/","logo":{"@type":"ImageObject","inLanguage":"fr-FR","@id":"https:\/\/www.ambardcongo.it\/#\/schema\/logo\/image\/","url":"https:\/\/www.ambardcongo.it\/wp-content\/uploads\/2023\/01\/cropped-LOGO_AMBA_MD-e1672919818323.png","contentUrl":"https:\/\/www.ambardcongo.it\/wp-content\/uploads\/2023\/01\/cropped-LOGO_AMBA_MD-e1672919818323.png","width":248,"height":117,"caption":"Site Officiel de L'Ambassade de la RDC \u00e0 Rome"},"image":{"@id":"https:\/\/www.ambardcongo.it\/#\/schema\/logo\/image\/"}},{"@type":"Person","@id":"https:\/\/www.ambardcongo.it\/#\/schema\/person\/bb7b18846dc689d792b039a943fcfefa","name":"admin","image":{"@type":"ImageObject","inLanguage":"fr-FR","@id":"https:\/\/secure.gravatar.com\/avatar\/5ee2db47dc25d718870d2778165e7410dd61326f5170d343b82514da5cf97dd1?s=96&d=mm&r=g","url":"https:\/\/secure.gravatar.com\/avatar\/5ee2db47dc25d718870d2778165e7410dd61326f5170d343b82514da5cf97dd1?s=96&d=mm&r=g","contentUrl":"https:\/\/secure.gravatar.com\/avatar\/5ee2db47dc25d718870d2778165e7410dd61326f5170d343b82514da5cf97dd1?s=96&d=mm&r=g","caption":"admin"},"sameAs":["https:\/\/www.ambardcongo.it"],"url":"https:\/\/www.ambardcongo.it\/?author=1"}]}},"jetpack_featured_media_url":"https:\/\/www.ambardcongo.it\/wp-content\/uploads\/2025\/11\/WhatsApp-Image-2025-11-05-at-14.07.36-1.jpeg","_links":{"self":[{"href":"https:\/\/www.ambardcongo.it\/index.php?rest_route=\/wp\/v2\/posts\/875","targetHints":{"allow":["GET"]}}],"collection":[{"href":"https:\/\/www.ambardcongo.it\/index.php?rest_route=\/wp\/v2\/posts"}],"about":[{"href":"https:\/\/www.ambardcongo.it\/index.php?rest_route=\/wp\/v2\/types\/post"}],"author":[{"embeddable":true,"href":"https:\/\/www.ambardcongo.it\/index.php?rest_route=\/wp\/v2\/users\/1"}],"replies":[{"embeddable":true,"href":"https:\/\/www.ambardcongo.it\/index.php?rest_route=%2Fwp%2Fv2%2Fcomments&post=875"}],"version-history":[{"count":3,"href":"https:\/\/www.ambardcongo.it\/index.php?rest_route=\/wp\/v2\/posts\/875\/revisions"}],"predecessor-version":[{"id":889,"href":"https:\/\/www.ambardcongo.it\/index.php?rest_route=\/wp\/v2\/posts\/875\/revisions\/889"}],"wp:featuredmedia":[{"embeddable":true,"href":"https:\/\/www.ambardcongo.it\/index.php?rest_route=\/wp\/v2\/media\/880"}],"wp:attachment":[{"href":"https:\/\/www.ambardcongo.it\/index.php?rest_route=%2Fwp%2Fv2%2Fmedia&parent=875"}],"wp:term":[{"taxonomy":"category","embeddable":true,"href":"https:\/\/www.ambardcongo.it\/index.php?rest_route=%2Fwp%2Fv2%2Fcategories&post=875"},{"taxonomy":"post_tag","embeddable":true,"href":"https:\/\/www.ambardcongo.it\/index.php?rest_route=%2Fwp%2Fv2%2Ftags&post=875"}],"curies":[{"name":"wp","href":"https:\/\/api.w.org\/{rel}","templated":true}]}}